{"id":596,"date":"2017-03-12T13:09:04","date_gmt":"2017-03-12T12:09:04","guid":{"rendered":"http:\/\/blesdors.org\/?p=596"},"modified":"2017-03-19T21:02:49","modified_gmt":"2017-03-19T20:02:49","slug":"prep-trail-aber-wrach","status":"publish","type":"post","link":"https:\/\/blesdor.org\/index.php\/2017\/03\/12\/prep-trail-aber-wrach\/","title":{"rendered":"Pr\u00e9p trail Aber Wrach"},"content":{"rendered":"<p>Samedi 11 Mars, Claude LARREUR et Claude LE GUEN ont propos\u00e9 une tr\u00e8s belle sortie au m\u00e9nez Hom de 23.3 km en vue du trail de l\u2019aber Wrach !<br \/>\nUn circuit technique de toute beaut\u00e9, conclu par un ravitaillement \u00ab\u00a0le plaisir d\u2019abord\u00a0\u00bb !<\/p>\n<p>Regarder les photos et le parcours &#8230;<\/p>\n<p><!--more--><\/p>\n<p><strong>PHOTOS<\/strong><\/p>\n<p>[ngg_images source=\u00a0\u00bbgalleries\u00a0\u00bb container_ids=\u00a0\u00bb1&Prime; display_type=\u00a0\u00bbphotocrati-nextgen_basic_thumbnails\u00a0\u00bb override_thumbnail_settings=\u00a0\u00bb0&Prime; thumbnail_width=\u00a0\u00bb240&Prime; thumbnail_height=\u00a0\u00bb160&Prime; thumbnail_crop=\u00a0\u00bb1&Prime; images_per_page=\u00a0\u00bb20&Prime; number_of_columns=\u00a0\u00bb0&Prime; ajax_pagination=\u00a0\u00bb0&Prime; show_all_in_lightbox=\u00a0\u00bb0&Prime; use_imagebrowser_effect=\u00a0\u00bb0&Prime; show_slideshow_link=\u00a0\u00bb1&Prime; slideshow_link_text=\u00a0\u00bb[Montrer sous forme de diaporama]\u00a0\u00bb order_by=\u00a0\u00bbsortorder\u00a0\u00bb order_direction=\u00a0\u00bbASC\u00a0\u00bb returns=\u00a0\u00bbincluded\u00a0\u00bb maximum_entity_count=\u00a0\u00bb500&Prime;]<strong>PARCOURS<\/strong><br \/>\n<script type=\"text\/javascript\" src=\"http:\/\/www.openrunner.com\/orservice\/inorser-script.php?key=mykey&amp;ser=S09&amp;id=7022981&amp;w=350&amp;h=350&amp;hp=128&amp;k=5&amp;m=0&amp;pa=0&amp;c=0&amp;ts=1489744335\"><\/script><\/p>\n","protected":false},"excerpt":{"rendered":"<p>Samedi 11 Mars, Claude LARREUR et Claude LE GUEN ont propos\u00e9 une tr\u00e8s belle sortie au m\u00e9nez Hom de 23.3 km en vue du trail<\/p>\n","protected":false},"author":2,"featured_media":1755,"comment_status":"closed","ping_status":"open","sticky":false,"template":"","format":"standard","meta":{"footnotes":""},"categories":[17],"tags":[],"class_list":["post-596","post","type-post","status-publish","format-standard","has-post-thumbnail","hentry","category-parcours"],"_links":{"self":[{"href":"https:\/\/blesdor.org\/index.php\/wp-json\/wp\/v2\/posts\/596","targetHints":{"allow":["GET"]}}],"collection":[{"href":"https:\/\/blesdor.org\/index.php\/wp-json\/wp\/v2\/posts"}],"about":[{"href":"https:\/\/blesdor.org\/index.php\/wp-json\/wp\/v2\/types\/post"}],"author":[{"embeddable":true,"href":"https:\/\/blesdor.org\/index.php\/wp-json\/wp\/v2\/users\/2"}],"replies":[{"embeddable":true,"href":"https:\/\/blesdor.org\/index.php\/wp-json\/wp\/v2\/comments?post=596"}],"version-history":[{"count":6,"href":"https:\/\/blesdor.org\/index.php\/wp-json\/wp\/v2\/posts\/596\/revisions"}],"predecessor-version":[{"id":602,"href":"https:\/\/blesdor.org\/index.php\/wp-json\/wp\/v2\/posts\/596\/revisions\/602"}],"wp:featuredmedia":[{"embeddable":true,"href":"https:\/\/blesdor.org\/index.php\/wp-json\/wp\/v2\/media\/1755"}],"wp:attachment":[{"href":"https:\/\/blesdor.org\/index.php\/wp-json\/wp\/v2\/media?parent=596"}],"wp:term":[{"taxonomy":"category","embeddable":true,"href":"https:\/\/blesdor.org\/index.php\/wp-json\/wp\/v2\/categories?post=596"},{"taxonomy":"post_tag","embeddable":true,"href":"https:\/\/blesdor.org\/index.php\/wp-json\/wp\/v2\/tags?post=596"}],"curies":[{"name":"wp","href":"https:\/\/api.w.org\/{rel}","templated":true}]}}