{"id":3945,"date":"2025-06-09T18:46:48","date_gmt":"2025-06-09T16:46:48","guid":{"rendered":"https:\/\/blesdor.org\/?p=3945"},"modified":"2025-06-09T18:46:48","modified_gmt":"2025-06-09T16:46:48","slug":"les-bles-a-guerledan","status":"publish","type":"post","link":"https:\/\/blesdor.org\/index.php\/2025\/06\/09\/les-bles-a-guerledan\/","title":{"rendered":"Les bl\u00e9s \u00e0 Guerl\u00e9dan !"},"content":{"rendered":"\n<div style=\"height:26px\" aria-hidden=\"true\" class=\"wp-block-spacer\"><\/div>\n\n\n\n<p>Renaud FERMENTEL , Arnaud, L\u00e9na, Ambre et Calie SPARFEL ont particip\u00e9 aux \u00e9preuves du trail de Guerl\u00e9dan !<\/p>\n\n\n\n<div style=\"height:35px\" aria-hidden=\"true\" class=\"wp-block-spacer\"><\/div>\n\n\n\n<div class=\"wp-block-media-text is-stacked-on-mobile\" style=\"grid-template-columns:21% auto\"><figure class=\"wp-block-media-text__media\"><img loading=\"lazy\" decoding=\"async\" width=\"487\" height=\"642\" src=\"https:\/\/blesdor.org\/wp-content\/uploads\/2025\/06\/Guerledan-1.jpg\" alt=\"\" class=\"wp-image-3947 size-full\" srcset=\"https:\/\/blesdor.org\/wp-content\/uploads\/2025\/06\/Guerledan-1.jpg 487w, https:\/\/blesdor.org\/wp-content\/uploads\/2025\/06\/Guerledan-1-228x300.jpg 228w\" sizes=\"auto, (max-width: 487px) 100vw, 487px\" \/><\/figure><div class=\"wp-block-media-text__content\">\n<p>Sur le 66 km<\/p>\n\n\n\n<p>138 Arnaud SPARFEL 08h25.59<\/p>\n\n\n\n<p>363 Renaud FERMENTEL 09h44&rsquo;52<\/p>\n\n\n\n<p>Sur le 9 km Filles des forges, bravo \u00e0 L\u00e9na SPARFEL 229 eme en 01h08&rsquo;14. Bravo !<\/p>\n\n\n\n<p>Et mention sp\u00e9ciale \u00e0 Calie et Ambre qui ont port\u00e9 haut les couleurs du club sur les courses jeunes, la classe !<\/p>\n<\/div><\/div>\n","protected":false},"excerpt":{"rendered":"<p>Renaud FERMENTEL , Arnaud, L\u00e9na, Ambre et Calie SPARFEL ont particip\u00e9 aux \u00e9preuves du trail de Guerl\u00e9dan ! Sur le 66 km 138 Arnaud SPARFEL<\/p>\n","protected":false},"author":5,"featured_media":3946,"comment_status":"closed","ping_status":"open","sticky":false,"template":"","format":"standard","meta":{"footnotes":""},"categories":[1,37,12,38],"tags":[],"class_list":["post-3945","post","type-post","status-publish","format-standard","has-post-thumbnail","hentry","category-actualites","category-athletisme","category-resultats","category-trail"],"_links":{"self":[{"href":"https:\/\/blesdor.org\/index.php\/wp-json\/wp\/v2\/posts\/3945","targetHints":{"allow":["GET"]}}],"collection":[{"href":"https:\/\/blesdor.org\/index.php\/wp-json\/wp\/v2\/posts"}],"about":[{"href":"https:\/\/blesdor.org\/index.php\/wp-json\/wp\/v2\/types\/post"}],"author":[{"embeddable":true,"href":"https:\/\/blesdor.org\/index.php\/wp-json\/wp\/v2\/users\/5"}],"replies":[{"embeddable":true,"href":"https:\/\/blesdor.org\/index.php\/wp-json\/wp\/v2\/comments?post=3945"}],"version-history":[{"count":1,"href":"https:\/\/blesdor.org\/index.php\/wp-json\/wp\/v2\/posts\/3945\/revisions"}],"predecessor-version":[{"id":3948,"href":"https:\/\/blesdor.org\/index.php\/wp-json\/wp\/v2\/posts\/3945\/revisions\/3948"}],"wp:featuredmedia":[{"embeddable":true,"href":"https:\/\/blesdor.org\/index.php\/wp-json\/wp\/v2\/media\/3946"}],"wp:attachment":[{"href":"https:\/\/blesdor.org\/index.php\/wp-json\/wp\/v2\/media?parent=3945"}],"wp:term":[{"taxonomy":"category","embeddable":true,"href":"https:\/\/blesdor.org\/index.php\/wp-json\/wp\/v2\/categories?post=3945"},{"taxonomy":"post_tag","embeddable":true,"href":"https:\/\/blesdor.org\/index.php\/wp-json\/wp\/v2\/tags?post=3945"}],"curies":[{"name":"wp","href":"https:\/\/api.w.org\/{rel}","templated":true}]}}