{"id":3606,"date":"2023-05-15T19:32:11","date_gmt":"2023-05-15T17:32:11","guid":{"rendered":"https:\/\/blesdor.org\/?p=3606"},"modified":"2023-05-15T19:42:55","modified_gmt":"2023-05-15T17:42:55","slug":"journee-athle-sante","status":"publish","type":"post","link":"https:\/\/blesdor.org\/index.php\/2023\/05\/15\/journee-athle-sante\/","title":{"rendered":"Journ\u00e9e \u00ab\u00a0Athl\u00e9 sant\u00e9\u00a0\u00bb !"},"content":{"rendered":"\n<p>Une journ\u00e9e conviviale et sportive a r\u00e9uni les membres du groupe \u00ab\u00a0Athl\u00e9-sant\u00e9\u00a0\u00bb du vendredi avec la coach Francine Jaur\u00e8s !<\/p>\n\n\n\n<div class=\"wp-block-media-text alignwide is-stacked-on-mobile\" style=\"grid-template-columns:30% auto\"><figure class=\"wp-block-media-text__media\"><img loading=\"lazy\" decoding=\"async\" width=\"1024\" height=\"768\" src=\"https:\/\/blesdor.org\/wp-content\/uploads\/2023\/05\/PHOTO-GROUPE-SORTIE-LANDUVEZ-1-1024x768.jpg\" alt=\"\" class=\"wp-image-3608 size-full\" srcset=\"https:\/\/blesdor.org\/wp-content\/uploads\/2023\/05\/PHOTO-GROUPE-SORTIE-LANDUVEZ-1-1024x768.jpg 1024w, https:\/\/blesdor.org\/wp-content\/uploads\/2023\/05\/PHOTO-GROUPE-SORTIE-LANDUVEZ-1-300x225.jpg 300w, https:\/\/blesdor.org\/wp-content\/uploads\/2023\/05\/PHOTO-GROUPE-SORTIE-LANDUVEZ-1-768x576.jpg 768w, https:\/\/blesdor.org\/wp-content\/uploads\/2023\/05\/PHOTO-GROUPE-SORTIE-LANDUVEZ-1.jpg 1500w\" sizes=\"auto, (max-width: 1024px) 100vw, 1024px\" \/><\/figure><div class=\"wp-block-media-text__content\">\n<p>Le dimanche 14 Mai 2023, les marcheurs membres du groupe Athl\u00e9 sant\u00e9 du vendredi se sont retrouv\u00e9s avec la section loisirs du Stade Brestois Athl\u00e9tisme pour une journ\u00e9e conviviale et sportive du c\u00f4t\u00e9 de Landunvez !<\/p>\n\n\n\n<p>Apr\u00e8s une matin\u00e9e de cross-fit, place au pique-nique avant une randonn\u00e9e sur le GR 34 !<\/p>\n\n\n\n<p>Une journ\u00e9e tr\u00e8s appr\u00e9ci\u00e9e ! La section \u00ab\u00a0Athl\u00e9-sant\u00e9\u00a0\u00bb existe depuis deux saisons au sein des Bl\u00e9s d&rsquo;or et conna\u00eet un succ\u00e8s grandissant !<\/p>\n<\/div><\/div>\n","protected":false},"excerpt":{"rendered":"<p>Une journ\u00e9e conviviale et sportive a r\u00e9uni les membres du groupe \u00ab\u00a0Athl\u00e9-sant\u00e9\u00a0\u00bb du vendredi avec la coach Francine Jaur\u00e8s ! Le dimanche 14 Mai 2023,<\/p>\n","protected":false},"author":5,"featured_media":3607,"comment_status":"closed","ping_status":"open","sticky":false,"template":"","format":"standard","meta":{"footnotes":""},"categories":[1],"tags":[],"class_list":["post-3606","post","type-post","status-publish","format-standard","has-post-thumbnail","hentry","category-actualites"],"_links":{"self":[{"href":"https:\/\/blesdor.org\/index.php\/wp-json\/wp\/v2\/posts\/3606","targetHints":{"allow":["GET"]}}],"collection":[{"href":"https:\/\/blesdor.org\/index.php\/wp-json\/wp\/v2\/posts"}],"about":[{"href":"https:\/\/blesdor.org\/index.php\/wp-json\/wp\/v2\/types\/post"}],"author":[{"embeddable":true,"href":"https:\/\/blesdor.org\/index.php\/wp-json\/wp\/v2\/users\/5"}],"replies":[{"embeddable":true,"href":"https:\/\/blesdor.org\/index.php\/wp-json\/wp\/v2\/comments?post=3606"}],"version-history":[{"count":2,"href":"https:\/\/blesdor.org\/index.php\/wp-json\/wp\/v2\/posts\/3606\/revisions"}],"predecessor-version":[{"id":3611,"href":"https:\/\/blesdor.org\/index.php\/wp-json\/wp\/v2\/posts\/3606\/revisions\/3611"}],"wp:featuredmedia":[{"embeddable":true,"href":"https:\/\/blesdor.org\/index.php\/wp-json\/wp\/v2\/media\/3607"}],"wp:attachment":[{"href":"https:\/\/blesdor.org\/index.php\/wp-json\/wp\/v2\/media?parent=3606"}],"wp:term":[{"taxonomy":"category","embeddable":true,"href":"https:\/\/blesdor.org\/index.php\/wp-json\/wp\/v2\/categories?post=3606"},{"taxonomy":"post_tag","embeddable":true,"href":"https:\/\/blesdor.org\/index.php\/wp-json\/wp\/v2\/tags?post=3606"}],"curies":[{"name":"wp","href":"https:\/\/api.w.org\/{rel}","templated":true}]}}