{"id":3574,"date":"2023-04-03T22:03:26","date_gmt":"2023-04-03T20:03:26","guid":{"rendered":"https:\/\/blesdor.org\/?p=3574"},"modified":"2023-04-03T22:21:21","modified_gmt":"2023-04-03T20:21:21","slug":"un-week-end-marathon-et-de-trail","status":"publish","type":"post","link":"https:\/\/blesdor.org\/index.php\/2023\/04\/03\/un-week-end-marathon-et-de-trail\/","title":{"rendered":"Un week end marathon, solidaire et de trail !"},"content":{"rendered":"\n<p><\/p>\n\n\n\n<p>De tr\u00e8s bons r\u00e9sultats pour les bl\u00e9s d&rsquo;or et amis ce week end entre le marathon de Paris, la solidaire de Brest et le trail de l&rsquo;Aber Wrach !<\/p>\n\n\n\n<div class=\"wp-block-media-text alignwide is-stacked-on-mobile\" style=\"grid-template-columns:19% auto\"><figure class=\"wp-block-media-text__media\"><img loading=\"lazy\" decoding=\"async\" width=\"683\" height=\"1024\" src=\"https:\/\/blesdor.org\/wp-content\/uploads\/2023\/04\/1680551461491-683x1024.jpeg\" alt=\"\" class=\"wp-image-3576 size-full\" srcset=\"https:\/\/blesdor.org\/wp-content\/uploads\/2023\/04\/1680551461491-683x1024.jpeg 683w, https:\/\/blesdor.org\/wp-content\/uploads\/2023\/04\/1680551461491-200x300.jpeg 200w, https:\/\/blesdor.org\/wp-content\/uploads\/2023\/04\/1680551461491-768x1152.jpeg 768w, https:\/\/blesdor.org\/wp-content\/uploads\/2023\/04\/1680551461491.jpeg 1000w\" sizes=\"auto, (max-width: 683px) 100vw, 683px\" \/><\/figure><div class=\"wp-block-media-text__content\">\n<p>Au marathon de Paris, magnifique performance de Mael SICOT en 02h17&rsquo;02\u00a0\u00bb ! 6\u00e8me Fran\u00e7ais, la grande classe !<\/p>\n\n\n\n<p>Bravo aux bl\u00e9s d&rsquo;or engag\u00e9s :<\/p>\n\n\n\n<ul class=\"wp-block-list\">\n<li>Emmanuelle LE VERGE 4h33&rsquo;12<\/li>\n\n\n\n<li>Yann LAMOUR 3h50&Prime;33&Prime;<\/li>\n\n\n\n<li>Julie LAOT 4h16&rsquo;36 \u00ab\u00a0<\/li>\n<\/ul>\n<\/div><\/div>\n\n\n\n<p><\/p>\n\n\n\n<div class=\"wp-block-media-text alignwide is-stacked-on-mobile\"><figure class=\"wp-block-media-text__media\"><img loading=\"lazy\" decoding=\"async\" width=\"1024\" height=\"1024\" src=\"https:\/\/blesdor.org\/wp-content\/uploads\/2023\/04\/1680551490267-1-1024x1024.webp\" alt=\"\" class=\"wp-image-3577 size-full\" srcset=\"https:\/\/blesdor.org\/wp-content\/uploads\/2023\/04\/1680551490267-1-1024x1024.webp 1024w, https:\/\/blesdor.org\/wp-content\/uploads\/2023\/04\/1680551490267-1-300x300.webp 300w, https:\/\/blesdor.org\/wp-content\/uploads\/2023\/04\/1680551490267-1-150x150.webp 150w, https:\/\/blesdor.org\/wp-content\/uploads\/2023\/04\/1680551490267-1-768x768.webp 768w, https:\/\/blesdor.org\/wp-content\/uploads\/2023\/04\/1680551490267-1.webp 1200w\" sizes=\"auto, (max-width: 1024px) 100vw, 1024px\" \/><\/figure><div class=\"wp-block-media-text__content\">\n<p>Bravo \u00e0 tous les finishers du <a href=\"https:\/\/www.facebook.com\/groups\/408946235959678\/user\/100063736086179\/?__cft__[0]=AZVs9k4UoLaDTbDKA3LFG0NLqh2NtP2OO6YqtwfRGzc2UA30xuG8n0GyMf4_qZRG9Byh3uNqi8RjbSmZIh5OaUsR60mE5JYEcih_FOpNybLly1Y0b1ZHl6Ygz2mkXfQM3L0Arz_Rd9d9lcjhS7EVLv0Et7zkNdRUoVRaYHsb6M4hh6huZA1DWvSUVaoeBqCaBpc&amp;__tn__=-]K-R\">Trail de l&rsquo;Aber Wrac&rsquo;h<\/a> !<\/p>\n\n\n\n<p><strong>Extr\u00eame trail 333 athl\u00e8tes<\/strong><\/p>\n\n\n\n<p>19. Pierre-Marie GIULLOU  4h57&rsquo;30<\/p>\n\n\n\n<p>98. Arnaud SPARFEL 5h56&rsquo;47<\/p>\n\n\n\n<p>127. Patrice BALCON 6h9&rsquo;27<\/p>\n\n\n\n<p>153. Gregory YVINEC 6h18&rsquo;21<\/p>\n\n\n\n<p><strong>Half trail 694 athl\u00e8tes<\/strong><\/p>\n\n\n\n<p>229. S\u00e9b BIGER 3h06&rsquo;40\u00a0\u00bb<\/p>\n\n\n\n<p>303. Anne-Sophie COUM 3h15&rsquo;42<\/p>\n\n\n\n<p>345. Patrick JAOUEN 3h19&rsquo;33<\/p>\n\n\n\n<p>409. Mathieu CHAUVIN  3h29&rsquo;01<\/p>\n\n\n\n<p><strong>Petit Hermine trail 180 athl\u00e8tes<\/strong><\/p>\n\n\n\n<p>26. Marine LAGADEC 44&rsquo;37 4eme f\u00e9minine <img loading=\"lazy\" decoding=\"async\" height=\"16\" width=\"16\" src=\"https:\/\/static.xx.fbcdn.net\/images\/emoji.php\/v9\/tc5\/1.5\/16\/1f4aa.png\" alt=\"\ud83d\udcaa\"><\/p>\n<\/div><\/div>\n\n\n\n<p><\/p>\n\n\n\n<div class=\"wp-block-media-text alignwide is-stacked-on-mobile\" style=\"grid-template-columns:21% auto\"><figure class=\"wp-block-media-text__media\"><img loading=\"lazy\" decoding=\"async\" width=\"459\" height=\"1024\" src=\"https:\/\/blesdor.org\/wp-content\/uploads\/2023\/04\/1680552049265-459x1024.jpg\" alt=\"\" class=\"wp-image-3578 size-full\" srcset=\"https:\/\/blesdor.org\/wp-content\/uploads\/2023\/04\/1680552049265-459x1024.jpg 459w, https:\/\/blesdor.org\/wp-content\/uploads\/2023\/04\/1680552049265-134x300.jpg 134w, https:\/\/blesdor.org\/wp-content\/uploads\/2023\/04\/1680552049265-768x1714.jpg 768w, https:\/\/blesdor.org\/wp-content\/uploads\/2023\/04\/1680552049265-688x1536.jpg 688w, https:\/\/blesdor.org\/wp-content\/uploads\/2023\/04\/1680552049265.jpg 896w\" sizes=\"auto, (max-width: 459px) 100vw, 459px\" \/><\/figure><div class=\"wp-block-media-text__content\">\n<p><strong>Sur le 5km 161 athl\u00e8tes<\/strong><\/p>\n\n\n\n<p>75. Manon TAHON 29&rsquo;02<\/p>\n\n\n\n<p><a><\/a>Bravo pour ta premi\u00e8re course Manon !<\/p>\n\n\n\n<p><strong>Sur le 10 km 211 athl\u00e8tes<\/strong><\/p>\n\n\n\n<p>14. Fabrice NORMAND  42&rsquo;42<\/p>\n\n\n\n<p>21. Bruno JAOUEN 43&rsquo;51<\/p>\n\n\n\n<p>79. Philippe GUEGUENIAT 50&rsquo;49<\/p>\n\n\n\n<p>147. Odile RIOUAL  57&rsquo;49<\/p>\n\n\n\n<p>Sur le semi Bravo S\u00e9bastien Muscat \u00e0 S-1 du <a href=\"https:\/\/www.facebook.com\/groups\/408946235959678\/user\/100067789518908\/?__cft__[0]=AZWQ4iqQB-6K-ivCgDBdT5YT3AVuqzORyhJxcPOH4TwVv2rxgE8yrXN-51qRQhHXG5IF5NhnE3QKS6TfznmZTUNMxXmLRrVHceG08X8Ux8eBaB3t7cbRZsH6f9OKSgwjmjo-yj_31t8zjb67Nqk7TlN3ainIbDA50jDbsWow6Qj4R9gG61RllbYrdMQGrWQ2KDo&amp;__tn__=-]K-R\">BREST URBAN TRAIL<\/a> 13eme 1h29&rsquo;44<\/p>\n\n\n\n<p>Et surtout bravo aux joelettes avec Olivier Jost, Nico Gourmelon  !<\/p>\n<\/div><\/div>\n","protected":false},"excerpt":{"rendered":"<p>De tr\u00e8s bons r\u00e9sultats pour les bl\u00e9s d&rsquo;or et amis ce week end entre le marathon de Paris, la solidaire de Brest et le trail<\/p>\n","protected":false},"author":5,"featured_media":3575,"comment_status":"closed","ping_status":"open","sticky":false,"template":"","format":"standard","meta":{"footnotes":""},"categories":[1,32,12,13],"tags":[],"class_list":["post-3574","post","type-post","status-publish","format-standard","has-post-thumbnail","hentry","category-actualites","category-courses","category-resultats","category-vie-du-club"],"_links":{"self":[{"href":"https:\/\/blesdor.org\/index.php\/wp-json\/wp\/v2\/posts\/3574","targetHints":{"allow":["GET"]}}],"collection":[{"href":"https:\/\/blesdor.org\/index.php\/wp-json\/wp\/v2\/posts"}],"about":[{"href":"https:\/\/blesdor.org\/index.php\/wp-json\/wp\/v2\/types\/post"}],"author":[{"embeddable":true,"href":"https:\/\/blesdor.org\/index.php\/wp-json\/wp\/v2\/users\/5"}],"replies":[{"embeddable":true,"href":"https:\/\/blesdor.org\/index.php\/wp-json\/wp\/v2\/comments?post=3574"}],"version-history":[{"count":3,"href":"https:\/\/blesdor.org\/index.php\/wp-json\/wp\/v2\/posts\/3574\/revisions"}],"predecessor-version":[{"id":3581,"href":"https:\/\/blesdor.org\/index.php\/wp-json\/wp\/v2\/posts\/3574\/revisions\/3581"}],"wp:featuredmedia":[{"embeddable":true,"href":"https:\/\/blesdor.org\/index.php\/wp-json\/wp\/v2\/media\/3575"}],"wp:attachment":[{"href":"https:\/\/blesdor.org\/index.php\/wp-json\/wp\/v2\/media?parent=3574"}],"wp:term":[{"taxonomy":"category","embeddable":true,"href":"https:\/\/blesdor.org\/index.php\/wp-json\/wp\/v2\/categories?post=3574"},{"taxonomy":"post_tag","embeddable":true,"href":"https:\/\/blesdor.org\/index.php\/wp-json\/wp\/v2\/tags?post=3574"}],"curies":[{"name":"wp","href":"https:\/\/api.w.org\/{rel}","templated":true}]}}