{"id":3260,"date":"2020-07-30T18:04:40","date_gmt":"2020-07-30T16:04:40","guid":{"rendered":"http:\/\/blesdors.org\/?p=3260"},"modified":"2020-08-02T12:01:51","modified_gmt":"2020-08-02T10:01:51","slug":"3260","status":"publish","type":"post","link":"https:\/\/blesdor.org\/index.php\/2020\/07\/30\/3260\/","title":{"rendered":"Marche : sportif et convivial !"},"content":{"rendered":"<p><img loading=\"lazy\" decoding=\"async\" class=\"size-medium wp-image-3227 aligncenter\" src=\"http:\/\/blesdor.org\/wp-content\/uploads\/2020\/07\/marche-4-300x225.jpg\" alt=\"\" width=\"300\" height=\"225\" srcset=\"https:\/\/blesdor.org\/wp-content\/uploads\/2020\/07\/marche-4-300x225.jpg 300w, https:\/\/blesdor.org\/wp-content\/uploads\/2020\/07\/marche-4-1024x768.jpg 1024w, https:\/\/blesdor.org\/wp-content\/uploads\/2020\/07\/marche-4-768x576.jpg 768w, https:\/\/blesdor.org\/wp-content\/uploads\/2020\/07\/marche-4-1536x1152.jpg 1536w, https:\/\/blesdor.org\/wp-content\/uploads\/2020\/07\/marche-4.jpg 1728w\" sizes=\"auto, (max-width: 300px) 100vw, 300px\" \/><\/p>\n<p>Les bl\u00e9s d&rsquo;or c&rsquo;est aussi un groupe de marcheurs dynamiques ! Deux fois par semaine, ils se retrouvent pour des sorites au d\u00e9part du Crann ! Une occasion unique de d\u00e9couvrir de nouveaux sentiers \u00e0 Gouesnou, autour de Gouesnou et bien-audel\u00e0 ! r\u00e9guli\u00e8rement les marcheurs organisent des sorties \u00e0 l&rsquo;ext\u00e9rieur de la commune en bord de mer ou en campagne !A une allure avoisinant les 5-6 km\/h, les marcheurs ne restent pas jouer ! Et bien \u00e9videmment, tout ceci en toute convivialit\u00e9 car \u00ab\u00a0la perf d&rsquo;accord le plaisir d&rsquo;abord\u00a0\u00bb !!<\/p>\n<p>&nbsp;<\/p>\n<p><img loading=\"lazy\" decoding=\"async\" class=\"size-medium wp-image-3225 aligncenter\" src=\"http:\/\/blesdor.org\/wp-content\/uploads\/2020\/07\/marche-2-165x300.jpg\" alt=\"\" width=\"165\" height=\"300\" srcset=\"https:\/\/blesdor.org\/wp-content\/uploads\/2020\/07\/marche-2-165x300.jpg 165w, https:\/\/blesdor.org\/wp-content\/uploads\/2020\/07\/marche-2.jpg 528w\" sizes=\"auto, (max-width: 165px) 100vw, 165px\" \/><\/p>\n","protected":false},"excerpt":{"rendered":"<p>Les bl\u00e9s d&rsquo;or c&rsquo;est aussi un groupe de marcheurs dynamiques ! Deux fois par semaine, ils se retrouvent pour des sorites au d\u00e9part du Crann<\/p>\n","protected":false},"author":8,"featured_media":3226,"comment_status":"closed","ping_status":"open","sticky":false,"template":"","format":"standard","meta":{"footnotes":""},"categories":[1,13],"tags":[],"class_list":["post-3260","post","type-post","status-publish","format-standard","has-post-thumbnail","hentry","category-actualites","category-vie-du-club"],"_links":{"self":[{"href":"https:\/\/blesdor.org\/index.php\/wp-json\/wp\/v2\/posts\/3260","targetHints":{"allow":["GET"]}}],"collection":[{"href":"https:\/\/blesdor.org\/index.php\/wp-json\/wp\/v2\/posts"}],"about":[{"href":"https:\/\/blesdor.org\/index.php\/wp-json\/wp\/v2\/types\/post"}],"author":[{"embeddable":true,"href":"https:\/\/blesdor.org\/index.php\/wp-json\/wp\/v2\/users\/8"}],"replies":[{"embeddable":true,"href":"https:\/\/blesdor.org\/index.php\/wp-json\/wp\/v2\/comments?post=3260"}],"version-history":[{"count":2,"href":"https:\/\/blesdor.org\/index.php\/wp-json\/wp\/v2\/posts\/3260\/revisions"}],"predecessor-version":[{"id":3278,"href":"https:\/\/blesdor.org\/index.php\/wp-json\/wp\/v2\/posts\/3260\/revisions\/3278"}],"wp:featuredmedia":[{"embeddable":true,"href":"https:\/\/blesdor.org\/index.php\/wp-json\/wp\/v2\/media\/3226"}],"wp:attachment":[{"href":"https:\/\/blesdor.org\/index.php\/wp-json\/wp\/v2\/media?parent=3260"}],"wp:term":[{"taxonomy":"category","embeddable":true,"href":"https:\/\/blesdor.org\/index.php\/wp-json\/wp\/v2\/categories?post=3260"},{"taxonomy":"post_tag","embeddable":true,"href":"https:\/\/blesdor.org\/index.php\/wp-json\/wp\/v2\/tags?post=3260"}],"curies":[{"name":"wp","href":"https:\/\/api.w.org\/{rel}","templated":true}]}}