{"id":2876,"date":"2018-05-20T18:40:21","date_gmt":"2018-05-20T16:40:21","guid":{"rendered":"http:\/\/blesdors.org\/?p=2876"},"modified":"2018-05-21T19:35:44","modified_gmt":"2018-05-21T17:35:44","slug":"les-bles-dor-sur-la-train-patates-et-a-guerledan","status":"publish","type":"post","link":"https:\/\/blesdor.org\/index.php\/2018\/05\/20\/les-bles-dor-sur-la-train-patates-et-a-guerledan\/","title":{"rendered":"Les Bl\u00e9s d&rsquo;or sur la Train-Patates et \u00e0 Guerl\u00e9dan !"},"content":{"rendered":"<p>De nombreux bl\u00e9s d&rsquo;or engag\u00e9s sur la course du train papates ! Le trop Hermann\/Florian et Hugo sur le podium (hors classement entreprise).&nbsp; A Guerl\u00e9dan, trois bl\u00e9s d&rsquo;or : Yannick, St\u00e9phane et Gr\u00e9gory.<\/p>\n<p><!--more--><\/p>\n<p style=\"text-align: center;\"><strong>LA TRAIN PATATES&nbsp;<\/strong><\/p>\n<p><img loading=\"lazy\" decoding=\"async\" class=\"size-full wp-image-2877 aligncenter\" src=\"http:\/\/blesdor.org\/wp-content\/uploads\/2018\/05\/train-patates-bles-dor-site.jpg\" alt=\"\" width=\"300\" height=\"300\" srcset=\"https:\/\/blesdor.org\/wp-content\/uploads\/2018\/05\/train-patates-bles-dor-site.jpg 300w, https:\/\/blesdor.org\/wp-content\/uploads\/2018\/05\/train-patates-bles-dor-site-64x64.jpg 64w\" sizes=\"auto, (max-width: 300px) 100vw, 300px\" \/><\/p>\n<p><strong>Classement individuel (316 participants)<\/strong><\/p>\n<p>22. S\u00e9bastien BIGER 01h30&rsquo;09<\/p>\n<p>29. St\u00e9phane CREFF 01h33&rsquo;20<\/p>\n<p>69. Andr\u00e9 CONGAR 01h41&rsquo;07<\/p>\n<p>157. Thierry LENAVENEC 01h50&rsquo;21<\/p>\n<p>237. Rozenn LE RHUN 02h01&rsquo;18\u00a0\u00bb<\/p>\n<p>238. Christelle MARC 02h01&rsquo;18\u00a0\u00bb<\/p>\n<p><strong>Classement trio (64 \u00e9quipes)<\/strong><\/p>\n<p>4. Hermann ROPARS\/Florian FERNANDEZ\/Hugo CABON (1er au classement hors entreprise)&nbsp; 01h21&rsquo;20\u00a0\u00bb<\/p>\n<p>20. Eric Pineau\/Steven LASTENET\/Yannick POUMELLEC 01h40&rsquo;38<\/p>\n<p>55. Karine BERNARD\/Bruno CORNETTE\/St\u00e9phane RIVIER 02h4&rsquo;58\u00a0\u00bb<\/p>\n<p>58. Albert QUERE\/St\u00e9phanie POUMELLEC\/Nathalie THEON 02h12&rsquo;29<\/p>\n<p style=\"text-align: center;\"><strong>TRAIL DE GUERLEDAN<\/strong><\/p>\n<p><strong>63 Km (955 class\u00e9s)<\/strong><\/p>\n<p>184. St\u00e9phane NONNOTTE 07h40&rsquo;39<\/p>\n<p>661. Gr\u00e9gory YVINEC 09h44&rsquo;32<\/p>\n<p><strong>26 Km (1062 class\u00e9s)<\/strong><\/p>\n<p>754. Samuel MERDRIGNAC 03h52&rsquo;09<\/p>\n<p>&nbsp;<\/p>\n","protected":false},"excerpt":{"rendered":"<p>De nombreux bl\u00e9s d&rsquo;or engag\u00e9s sur la course du train papates ! Le trop Hermann\/Florian et Hugo sur le podium (hors classement entreprise).&nbsp; A Guerl\u00e9dan,<\/p>\n","protected":false},"author":5,"featured_media":2877,"comment_status":"closed","ping_status":"open","sticky":false,"template":"","format":"standard","meta":{"footnotes":""},"categories":[32,12],"tags":[],"class_list":["post-2876","post","type-post","status-publish","format-standard","has-post-thumbnail","hentry","category-courses","category-resultats"],"_links":{"self":[{"href":"https:\/\/blesdor.org\/index.php\/wp-json\/wp\/v2\/posts\/2876","targetHints":{"allow":["GET"]}}],"collection":[{"href":"https:\/\/blesdor.org\/index.php\/wp-json\/wp\/v2\/posts"}],"about":[{"href":"https:\/\/blesdor.org\/index.php\/wp-json\/wp\/v2\/types\/post"}],"author":[{"embeddable":true,"href":"https:\/\/blesdor.org\/index.php\/wp-json\/wp\/v2\/users\/5"}],"replies":[{"embeddable":true,"href":"https:\/\/blesdor.org\/index.php\/wp-json\/wp\/v2\/comments?post=2876"}],"version-history":[{"count":5,"href":"https:\/\/blesdor.org\/index.php\/wp-json\/wp\/v2\/posts\/2876\/revisions"}],"predecessor-version":[{"id":2884,"href":"https:\/\/blesdor.org\/index.php\/wp-json\/wp\/v2\/posts\/2876\/revisions\/2884"}],"wp:featuredmedia":[{"embeddable":true,"href":"https:\/\/blesdor.org\/index.php\/wp-json\/wp\/v2\/media\/2877"}],"wp:attachment":[{"href":"https:\/\/blesdor.org\/index.php\/wp-json\/wp\/v2\/media?parent=2876"}],"wp:term":[{"taxonomy":"category","embeddable":true,"href":"https:\/\/blesdor.org\/index.php\/wp-json\/wp\/v2\/categories?post=2876"},{"taxonomy":"post_tag","embeddable":true,"href":"https:\/\/blesdor.org\/index.php\/wp-json\/wp\/v2\/tags?post=2876"}],"curies":[{"name":"wp","href":"https:\/\/api.w.org\/{rel}","templated":true}]}}