{"id":2485,"date":"2018-08-26T14:45:11","date_gmt":"2018-08-26T12:45:11","guid":{"rendered":"http:\/\/blesdors.org\/?p=2485"},"modified":"2018-08-26T19:28:57","modified_gmt":"2018-08-26T17:28:57","slug":"presentation-de-la-saison-20182019","status":"publish","type":"post","link":"https:\/\/blesdor.org\/index.php\/2018\/08\/26\/presentation-de-la-saison-20182019\/","title":{"rendered":"Pr\u00e9sentation de la saison 2018\/2019"},"content":{"rendered":"<p><strong><span style=\"color: #00ff00;\">\u00ab\u00a0LA PERF D&rsquo;ACCORD, LE PLAISIR D&rsquo;ABORD\u00a0\u00bb<\/span><\/strong> est la ligne de conduite des Bl\u00e9s d&rsquo;or ! Le club est structur\u00e9 pour que chacun puisse y trouver ce qu&rsquo;il rechercher : le sport plaisir ou le sport comp\u00e9tition, progresser et (\/ou !) s&rsquo;entretenir, se retrouver autour de projets collectifs, le tout encadr\u00e9 par des entra\u00eeneurs qualifi\u00e9s et partageant cette philosophie !<\/p>\n<p>Aux Bl\u00e9s d&rsquo;or la convivialit\u00e9 entre marcheurs et coureurs est un marqueur de notre ADN !&nbsp;Certaines s\u00e9ances sont communes comme les s\u00e9ances d\u00e9di\u00e9es aux \u00e9tirements deux samedis par mois. Et le Dimanche, coureurs et marcheurs se retrouvent au d\u00e9part du boulodromme \u00e0 09h30.<!--more--><\/p>\n<p><strong><span style=\"color: #0000ff;\">Les nouveaut\u00e9s de la saison 2018\/2019<\/span><\/strong><\/p>\n<ul>\n<li>le mardi une s\u00e9ance PPG et une s\u00e9ance VMA avec le coach Vivien MAJOREL !<\/li>\n<li>des s\u00e9ances sp\u00e9cifiques pour les d\u00e9butants le mercredi (2 groupes)<\/li>\n<li>des s\u00e9ances d&rsquo;entra\u00eenement planifi\u00e9es par le coach tout au long de la saison<\/li>\n<li>des s\u00e9ances sp\u00e9cifiques pour les cadets\/juniors\/espoirs<\/li>\n<li>deux groupes&nbsp; d&rsquo;\u00e9veil athl\u00e9tique pour les enfants avec Charleyne CAROFF : courir, sauter et lancer ! L&rsquo;objectif reste de leur faire d\u00e9couvrir en s&rsquo;amusant les diff\u00e9rentes facettes de l&rsquo;athl\u00e9tisme Pour les enfants de 6 \u00e0 11 ans. Un premier groupe de 9h30 \u00e0 10h45 (9-10-11 ans) et un groupe de 11h00 \u00e0 12h15 (6-9 ans)<\/li>\n<li>plusieurs projets dont une participation au trail de Brecon (Pays de galles)&nbsp; et bien s\u00fbr un d\u00e9placement au marathon du m\u00e9doc 2019 !<\/li>\n<\/ul>\n<p>mais aussi &#8230;&nbsp;<\/p>\n<ul>\n<li>de nouveaux \u00e9quipements (maillots trail, shorts d&rsquo;athl\u00e9tisme)<\/li>\n<li>la seconde \u00e9dition du meeting d&rsquo;athl\u00e9tisme<\/li>\n<li>&nbsp;la seconde \u00e9dition de La leclerc Gouesnou Brest m\u00e9tropole le 16 Juin 2019<\/li>\n<\/ul>\n<div style=\"text-align: center;\">&nbsp;<\/div>\n<div style=\"text-align: center;\">\n<div style=\"text-align: center;\">\n<div style=\"margin: 8px 0px 4px;\"><a href=\"https:\/\/www.calameo.com\/books\/005133904e293c113d3f9\" target=\"_blank\" rel=\"noopener\">Flyer Bles Dor Saison 2018 2019<\/a><\/div>\n<p><iframe loading=\"lazy\" style=\"margin: 0 auto;\" src=\"\/\/v.calameo.com\/?bkcode=005133904e293c113d3f9&amp;mode=mini\" width=\"480\" height=\"300\" frameborder=\"0\" scrolling=\"no\" allowfullscreen=\"allowfullscreen\"><\/iframe><\/p>\n<div style=\"margin: 4px 0px 8px;\"><a href=\"http:\/\/www.calameo.com\/\" target=\"_blank\" rel=\"noopener\">Lire plus de publications sur Calam\u00e9o<\/a><\/div>\n<\/div>\n<p>&nbsp;<\/p>\n<div style=\"margin: 4px 0px 8px;\">&nbsp;<\/div>\n<\/div>\n<div style=\"text-align: center;\">&nbsp;<\/div>\n<p><strong><span style=\"color: #0000ff;\">Les tarifs&nbsp;<\/span><\/strong><\/p>\n<ul>\n<li>marcheurs : 25 euros&nbsp;<\/li>\n<li>coureurs : 40 euros &nbsp;(+ 25 euros pour les primo adh\u00e9rents avec fourniture du maillot du club)<\/li>\n<li>cadets\/juniors : 40 euros<\/li>\n<li>\u00e9veil athl\u00e9tique : 60 euros (+ fourniture d&rsquo;un certificat m\u00e9dical de non contre-indication \u00e0 la pratique de l&rsquo;\u00e9veil athl\u00e9tique); 50 euros \u00e0 partir du second enfant<\/li>\n<\/ul>\n<p><strong><span style=\"color: #0000ff;\">Les lieux de pratique<\/span><\/strong><\/p>\n<ul>\n<li>boulodromme au Crann (lieux de rendez vous syst\u00e9matique pour les marcheurs et du dimanche pour les coureus)<\/li>\n<li>piste d&rsquo;athl\u00e9tisme pour les coureurs les mardi, jeudi et samedi et pour l&rsquo;\u00e9veil athl\u00e9tique<\/li>\n<li>gymnase Jean Gourmelon pour les coureurs le le mercredi<\/li>\n<\/ul>\n<p><strong><span style=\"color: #0000ff;\">Les S\u00e9ances<\/span><\/strong><\/p>\n<ul>\n<li>Mardi\n<ul>\n<li>Coureurs&nbsp;<\/li>\n<\/ul>\n<\/li>\n<li>Mercredi\n<ul>\n<li>Coureurs<\/li>\n<li>Marcheurs<\/li>\n<\/ul>\n<\/li>\n<li>Jeudi&nbsp;\n<ul>\n<li>Coureurs<\/li>\n<\/ul>\n<\/li>\n<li>Samedi\n<ul>\n<li>Coureurs<\/li>\n<li>Eveil athl\u00e9tique<\/li>\n<\/ul>\n<\/li>\n<li>Dimanche\n<ul>\n<li>Coureurs<\/li>\n<li>Marcheurs<\/li>\n<\/ul>\n<\/li>\n<\/ul>\n<p>&nbsp;<\/p>\n<p><strong><span style=\"color: #0000ff;\">Le catalogue de la boutique du club<\/span><\/strong><\/p>\n<p>&nbsp;<\/p>\n<div style=\"text-align: center;\">\n<div style=\"margin: 8px 0px 4px;\"><a href=\"https:\/\/www.calameo.com\/books\/005133904e9906556b499\" target=\"_blank\" rel=\"noopener\">Boutique Bl\u00e9s D&rsquo;or Saison 2018 2019 Version Site<\/a><\/div>\n<p><iframe loading=\"lazy\" style=\"margin: 0 auto;\" src=\"\/\/v.calameo.com\/?bkcode=005133904e9906556b499&amp;mode=mini\" width=\"480\" height=\"300\" frameborder=\"0\" scrolling=\"no\" allowfullscreen=\"allowfullscreen\"><\/iframe><\/p>\n<div style=\"margin: 4px 0px 8px;\"><a href=\"http:\/\/www.calameo.com\/\" target=\"_blank\" rel=\"noopener\">Lire plus de publications sur Calam\u00e9o<\/a><\/div>\n<\/div>\n","protected":false},"excerpt":{"rendered":"<p>\u00ab\u00a0LA PERF D&rsquo;ACCORD, LE PLAISIR D&rsquo;ABORD\u00a0\u00bb est la ligne de conduite des Bl\u00e9s d&rsquo;or ! Le club est structur\u00e9 pour que chacun puisse y trouver<\/p>\n","protected":false},"author":5,"featured_media":2437,"comment_status":"closed","ping_status":"open","sticky":false,"template":"","format":"standard","meta":{"footnotes":""},"categories":[31,13],"tags":[],"class_list":["post-2485","post","type-post","status-publish","format-standard","has-post-thumbnail","hentry","category-seances","category-vie-du-club"],"_links":{"self":[{"href":"https:\/\/blesdor.org\/index.php\/wp-json\/wp\/v2\/posts\/2485","targetHints":{"allow":["GET"]}}],"collection":[{"href":"https:\/\/blesdor.org\/index.php\/wp-json\/wp\/v2\/posts"}],"about":[{"href":"https:\/\/blesdor.org\/index.php\/wp-json\/wp\/v2\/types\/post"}],"author":[{"embeddable":true,"href":"https:\/\/blesdor.org\/index.php\/wp-json\/wp\/v2\/users\/5"}],"replies":[{"embeddable":true,"href":"https:\/\/blesdor.org\/index.php\/wp-json\/wp\/v2\/comments?post=2485"}],"version-history":[{"count":15,"href":"https:\/\/blesdor.org\/index.php\/wp-json\/wp\/v2\/posts\/2485\/revisions"}],"predecessor-version":[{"id":2949,"href":"https:\/\/blesdor.org\/index.php\/wp-json\/wp\/v2\/posts\/2485\/revisions\/2949"}],"wp:featuredmedia":[{"embeddable":true,"href":"https:\/\/blesdor.org\/index.php\/wp-json\/wp\/v2\/media\/2437"}],"wp:attachment":[{"href":"https:\/\/blesdor.org\/index.php\/wp-json\/wp\/v2\/media?parent=2485"}],"wp:term":[{"taxonomy":"category","embeddable":true,"href":"https:\/\/blesdor.org\/index.php\/wp-json\/wp\/v2\/categories?post=2485"},{"taxonomy":"post_tag","embeddable":true,"href":"https:\/\/blesdor.org\/index.php\/wp-json\/wp\/v2\/tags?post=2485"}],"curies":[{"name":"wp","href":"https:\/\/api.w.org\/{rel}","templated":true}]}}