{"id":1573,"date":"2017-02-26T22:08:15","date_gmt":"2017-02-26T21:08:15","guid":{"rendered":"http:\/\/blesdors.org\/?p=1573"},"modified":"2017-03-19T21:15:43","modified_gmt":"2017-03-19T20:15:43","slug":"eveil-athetique-aux-bles-dor","status":"publish","type":"post","link":"https:\/\/blesdor.org\/index.php\/2017\/02\/26\/eveil-athetique-aux-bles-dor\/","title":{"rendered":"Eveil ath\u00e9tique aux bl\u00e9s d&rsquo;or"},"content":{"rendered":"<p>Dans le cadre du partenariat avec le stade brestois athl\u00e9tisme, une s\u00e9ance d\u2019\u00e9veil athl\u00e9tique en salle \u00e9tait organis\u00e9e le 25 f\u00e9vrier dans la salle du kerzu \u00e0 Brest.<!--more--><br \/>\n<img loading=\"lazy\" decoding=\"async\" class=\"alignnone size-medium wp-image-1576\" src=\"http:\/\/blesdor.org\/wp-content\/uploads\/2017\/03\/lancer_site-300x199.jpg\" alt=\"\" width=\"300\" height=\"199\" srcset=\"https:\/\/blesdor.org\/wp-content\/uploads\/2017\/03\/lancer_site.jpg 300w, https:\/\/blesdor.org\/wp-content\/uploads\/2017\/03\/lancer_site-230x153.jpg 230w\" sizes=\"auto, (max-width: 300px) 100vw, 300px\" \/><\/p>\n<p>15 jeunes bl\u00e9s d\u2019or y ont particip\u00e9 devant de nombreux parents ! La s\u00e9ance a \u00e9t\u00e9 parfaitement men\u00e9e par Baptite FLIPO, athl\u00e8te du stade brestois et \u00e9tudiant en troisi\u00e8me ann\u00e9e en STAPS !<br \/>\n<img loading=\"lazy\" decoding=\"async\" class=\"alignnone size-medium wp-image-1575\" src=\"http:\/\/blesdor.org\/wp-content\/uploads\/2017\/03\/saut_site-200x300.jpg\" alt=\"\" width=\"200\" height=\"300\" srcset=\"https:\/\/blesdor.org\/wp-content\/uploads\/2017\/03\/saut_site-200x300.jpg 200w, https:\/\/blesdor.org\/wp-content\/uploads\/2017\/03\/saut_site-230x346.jpg 230w, https:\/\/blesdor.org\/wp-content\/uploads\/2017\/03\/saut_site.jpg 300w\" sizes=\"auto, (max-width: 200px) 100vw, 200px\" \/><br \/>\nUn grand merci au stade Brestois Athl\u00e9tisme pour cette s\u00e9ance et \u00e0 Baptiste que le club des bl\u00e9s d\u2019or f\u00e9licite pour ses talents de p\u00e9dagogue aupr\u00e8s des enfants !<br \/>\n<img loading=\"lazy\" decoding=\"async\" class=\"alignnone size-medium wp-image-1577\" src=\"http:\/\/blesdor.org\/wp-content\/uploads\/2017\/03\/eveil_athle_site-300x225.jpg\" alt=\"\" width=\"300\" height=\"225\" srcset=\"https:\/\/blesdor.org\/wp-content\/uploads\/2017\/03\/eveil_athle_site.jpg 300w, https:\/\/blesdor.org\/wp-content\/uploads\/2017\/03\/eveil_athle_site-230x173.jpg 230w\" sizes=\"auto, (max-width: 300px) 100vw, 300px\" \/><\/p>\n<p>Photos ici (cliquer sur icone)<br \/>\n<a href=\"https:\/\/photos.google.com\/share\/AF1QipP6jXvBtgW38hLj3u10a1_yuvZdY5SeLqBtpRRdlxryGHOLB8Wyy1fveUY0ZEnCZw?key=ZF9JT0tXV2FvMnBUQzY5amt3YnBtN1NNSmQ3SW93\"><img loading=\"lazy\" decoding=\"async\" class=\"alignnone size-thumbnail wp-image-1574\" src=\"http:\/\/blesdor.org\/wp-content\/uploads\/2017\/03\/Capture-eveil-150x150.png\" alt=\"\" width=\"150\" height=\"150\" srcset=\"https:\/\/blesdor.org\/wp-content\/uploads\/2017\/03\/Capture-eveil-150x150.png 150w, https:\/\/blesdor.org\/wp-content\/uploads\/2017\/03\/Capture-eveil-144x144.png 144w\" sizes=\"auto, (max-width: 150px) 100vw, 150px\" \/><\/a><\/p>\n","protected":false},"excerpt":{"rendered":"<p>Dans le cadre du partenariat avec le stade brestois athl\u00e9tisme, une s\u00e9ance d\u2019\u00e9veil athl\u00e9tique en salle \u00e9tait organis\u00e9e le 25 f\u00e9vrier dans la salle du<\/p>\n","protected":false},"author":2,"featured_media":1576,"comment_status":"closed","ping_status":"open","sticky":false,"template":"","format":"standard","meta":{"footnotes":""},"categories":[13],"tags":[],"class_list":["post-1573","post","type-post","status-publish","format-standard","has-post-thumbnail","hentry","category-vie-du-club"],"_links":{"self":[{"href":"https:\/\/blesdor.org\/index.php\/wp-json\/wp\/v2\/posts\/1573","targetHints":{"allow":["GET"]}}],"collection":[{"href":"https:\/\/blesdor.org\/index.php\/wp-json\/wp\/v2\/posts"}],"about":[{"href":"https:\/\/blesdor.org\/index.php\/wp-json\/wp\/v2\/types\/post"}],"author":[{"embeddable":true,"href":"https:\/\/blesdor.org\/index.php\/wp-json\/wp\/v2\/users\/2"}],"replies":[{"embeddable":true,"href":"https:\/\/blesdor.org\/index.php\/wp-json\/wp\/v2\/comments?post=1573"}],"version-history":[{"count":2,"href":"https:\/\/blesdor.org\/index.php\/wp-json\/wp\/v2\/posts\/1573\/revisions"}],"predecessor-version":[{"id":1765,"href":"https:\/\/blesdor.org\/index.php\/wp-json\/wp\/v2\/posts\/1573\/revisions\/1765"}],"wp:featuredmedia":[{"embeddable":true,"href":"https:\/\/blesdor.org\/index.php\/wp-json\/wp\/v2\/media\/1576"}],"wp:attachment":[{"href":"https:\/\/blesdor.org\/index.php\/wp-json\/wp\/v2\/media?parent=1573"}],"wp:term":[{"taxonomy":"category","embeddable":true,"href":"https:\/\/blesdor.org\/index.php\/wp-json\/wp\/v2\/categories?post=1573"},{"taxonomy":"post_tag","embeddable":true,"href":"https:\/\/blesdor.org\/index.php\/wp-json\/wp\/v2\/tags?post=1573"}],"curies":[{"name":"wp","href":"https:\/\/api.w.org\/{rel}","templated":true}]}}