{"id":935,"date":"2017-03-17T12:40:18","date_gmt":"2017-03-17T11:40:18","guid":{"rendered":"http:\/\/blesdors.org\/?p=935"},"modified":"2018-08-26T16:34:51","modified_gmt":"2018-08-26T14:34:51","slug":"la-leclerc-gouesnou-est-nee","status":"publish","type":"post","link":"http:\/\/blesdor.org\/index.php\/2017\/03\/17\/la-leclerc-gouesnou-est-nee\/","title":{"rendered":"\u00ab\u00a0LA LECLERC GOUESNOU\u00a0\u00bb est n\u00e9e !"},"content":{"rendered":"<p>La premi\u00e8re \u00e9dition de la course \u00ab\u00a0La leclerc Gouesnou\u00a0\u00bb a \u00e9t\u00e9 organis\u00e9e le 17 Juin 2018 ! Un beau succ\u00e8s malgr\u00e9 des conditions m\u00e9t\u00e9o difficiles ! Un grand merci aux coureurs et \u00e0 l&rsquo;ensemble de nos partenaires !<\/p>\n<p><!--more--><\/p>\n<p>Les r\u00e9sultats des 10 Km \u00e0 lire <a href=\"https:\/\/protiming.fr\/Results\/running\/4372\/2819\">ici<\/a><\/p>\n<p>Les r\u00e9sultats du 5 Km <a href=\"https:\/\/protiming.fr\/results\/running\/4372\/2820\">ici<\/a><\/p>\n<p>Rendez vous le 16 Juin 2019 pour la seconde \u00e9dition !!<\/p>\n<p>&nbsp;<\/p>\n<p><img loading=\"lazy\" decoding=\"async\" class=\"size-medium wp-image-937 aligncenter\" src=\"http:\/\/blesdor.org\/wp-content\/uploads\/2017\/03\/logo_bles_d_or_2015_-_Copie-3-300x127.jpg\" alt=\"\" width=\"300\" height=\"127\" srcset=\"http:\/\/blesdor.org\/wp-content\/uploads\/2017\/03\/logo_bles_d_or_2015_-_Copie-3.jpg 300w, http:\/\/blesdor.org\/wp-content\/uploads\/2017\/03\/logo_bles_d_or_2015_-_Copie-3-230x97.jpg 230w\" sizes=\"auto, (max-width: 300px) 100vw, 300px\" \/><\/p>\n","protected":false},"excerpt":{"rendered":"<p>La premi\u00e8re \u00e9dition de la course \u00ab\u00a0La leclerc Gouesnou\u00a0\u00bb a \u00e9t\u00e9 organis\u00e9e le 17 Juin 2018 ! Un beau succ\u00e8s malgr\u00e9 des conditions m\u00e9t\u00e9o difficiles<\/p>\n","protected":false},"author":2,"featured_media":936,"comment_status":"closed","ping_status":"open","sticky":false,"template":"","format":"standard","meta":{"footnotes":""},"categories":[33,13],"tags":[],"class_list":["post-935","post","type-post","status-publish","format-standard","has-post-thumbnail","hentry","category-la-leclerc-gouesnou","category-vie-du-club"],"_links":{"self":[{"href":"http:\/\/blesdor.org\/index.php\/wp-json\/wp\/v2\/posts\/935","targetHints":{"allow":["GET"]}}],"collection":[{"href":"http:\/\/blesdor.org\/index.php\/wp-json\/wp\/v2\/posts"}],"about":[{"href":"http:\/\/blesdor.org\/index.php\/wp-json\/wp\/v2\/types\/post"}],"author":[{"embeddable":true,"href":"http:\/\/blesdor.org\/index.php\/wp-json\/wp\/v2\/users\/2"}],"replies":[{"embeddable":true,"href":"http:\/\/blesdor.org\/index.php\/wp-json\/wp\/v2\/comments?post=935"}],"version-history":[{"count":4,"href":"http:\/\/blesdor.org\/index.php\/wp-json\/wp\/v2\/posts\/935\/revisions"}],"predecessor-version":[{"id":2937,"href":"http:\/\/blesdor.org\/index.php\/wp-json\/wp\/v2\/posts\/935\/revisions\/2937"}],"wp:featuredmedia":[{"embeddable":true,"href":"http:\/\/blesdor.org\/index.php\/wp-json\/wp\/v2\/media\/936"}],"wp:attachment":[{"href":"http:\/\/blesdor.org\/index.php\/wp-json\/wp\/v2\/media?parent=935"}],"wp:term":[{"taxonomy":"category","embeddable":true,"href":"http:\/\/blesdor.org\/index.php\/wp-json\/wp\/v2\/categories?post=935"},{"taxonomy":"post_tag","embeddable":true,"href":"http:\/\/blesdor.org\/index.php\/wp-json\/wp\/v2\/tags?post=935"}],"curies":[{"name":"wp","href":"https:\/\/api.w.org\/{rel}","templated":true}]}}